{"id":4407909,"date":"2025-07-01T14:28:38","date_gmt":"2025-07-01T12:28:38","guid":{"rendered":"https:\/\/bogensperk.si\/meditazione-sonora-con-sandra-amon\/"},"modified":"2025-07-01T14:28:38","modified_gmt":"2025-07-01T12:28:38","slug":"meditazione-sonora-con-sandra-amon","status":"publish","type":"post","link":"https:\/\/bogensperk.si\/it\/meditazione-sonora-con-sandra-amon\/","title":{"rendered":"Meditazione sonora con Sandra Amon"},"content":{"rendered":"<div class=\"xdj266r x14z9mp xat24cr x1lziwak x1vvkbs\">Concedetevi un rilassamento profondo e una disconnessione dai fardelli quotidiani con le dolci vibrazioni del gong terapeutico, delle campane koshi, delle ciotole tibetane e di altri strumenti terapeutici. Partecipate a una meditazione sonora nel mistico e magico atrio del Castello di Bogen\u0161perk, nel cuore della natura incontaminata. L&#8217;esperta terapeuta <strong>Sandra Amon<\/strong>, che nel suo lavoro terapeutico utilizza il movimento (sport), il tocco (massaggio) e le vibrazioni sonore per raggiungere l&#8217;equilibrio, vi guider\u00e0 in questa esperienza unica.  <\/div>\n<div>Durata: 90 minuti<br class=\"html-br\">Luogo: atrio del Castello di Bogen\u0161perk<br class=\"html-br\">Quota di iscrizione: 29 \u20ac<br class=\"html-br\">Iscrizione a <a href=\"mailto:rezervacije@bogensperk.si\">rezervacije@bogensperk.si <\/a> <\/div>\n","protected":false},"excerpt":{"rendered":"<p>Concedetevi un rilassamento profondo e una disconnessione dai fardelli quotidiani con le dolci vibrazioni del gong terapeutico, delle campane koshi, delle ciotole tibetane e di altri strumenti terapeutici. Partecipate a una meditazione sonora nel mistico e magico atrio del Castello di Bogen\u0161perk, nel cuore della natura incontaminata. L&#8217;esperta terapeuta Sandra Amon, che nel suo lavoro [&hellip;]<\/p>\n","protected":false},"author":2,"featured_media":4407907,"comment_status":"closed","ping_status":"closed","sticky":false,"template":"","format":"standard","meta":{"_et_pb_use_builder":"","_et_pb_old_content":"","_et_gb_content_width":"","inline_featured_image":false,"footnotes":""},"categories":[58],"tags":[],"class_list":["post-4407909","post","type-post","status-publish","format-standard","has-post-thumbnail","hentry","category-festival-di-bogensperk"],"yoast_head":"<!-- This site is optimized with the Yoast SEO plugin v27.4 - https:\/\/yoast.com\/product\/yoast-seo-wordpress\/ -->\n<title>Meditazione sonora con Sandra Amon - Grad Bogen\u0161perk<\/title>\n<meta name=\"description\" content=\"Concedetevi un rilassamento profondo e una disconnessione dai fardelli quotidiani con le dolci vibrazioni del gong terapeutico, delle campane koshi, delle ciotole tibetane e di altri strumenti terapeutici. Partecipate a una meditazione sonora nell&#039;atrio mistico e magico del Castello di Bogen\u0161perk, nel cuore della natura incontaminata.\" \/>\n<meta name=\"robots\" content=\"index, follow, max-snippet:-1, max-image-preview:large, max-video-preview:-1\" \/>\n<link rel=\"canonical\" href=\"https:\/\/bogensperk.si\/it\/meditazione-sonora-con-sandra-amon\/\" \/>\n<meta property=\"og:locale\" content=\"it_IT\" \/>\n<meta property=\"og:type\" content=\"article\" \/>\n<meta property=\"og:title\" content=\"Meditazione sonora con Sandra Amon - Grad Bogen\u0161perk\" \/>\n<meta property=\"og:description\" content=\"Concedetevi un rilassamento profondo e una disconnessione dai fardelli quotidiani con le dolci vibrazioni del gong terapeutico, delle campane koshi, delle ciotole tibetane e di altri strumenti terapeutici. Partecipate a una meditazione sonora nell&#039;atrio mistico e magico del Castello di Bogen\u0161perk, nel cuore della natura incontaminata.\" \/>\n<meta property=\"og:url\" content=\"https:\/\/bogensperk.si\/it\/meditazione-sonora-con-sandra-amon\/\" \/>\n<meta property=\"og:site_name\" content=\"Grad Bogen\u0161perk\" \/>\n<meta property=\"article:published_time\" content=\"2025-07-01T12:28:38+00:00\" \/>\n<meta property=\"og:image\" content=\"https:\/\/bogensperk.si\/wp-content\/uploads\/2025\/07\/Zvocna-meditacija-Sandra-Amon-4-1.jpg\" \/>\n\t<meta property=\"og:image:width\" content=\"250\" \/>\n\t<meta property=\"og:image:height\" content=\"161\" \/>\n\t<meta property=\"og:image:type\" content=\"image\/jpeg\" \/>\n<meta name=\"author\" content=\"bogensperk\" \/>\n<meta name=\"twitter:card\" content=\"summary_large_image\" \/>\n<meta name=\"twitter:label1\" content=\"Scritto da\" \/>\n\t<meta name=\"twitter:data1\" content=\"bogensperk\" \/>\n<script type=\"application\/ld+json\" class=\"yoast-schema-graph\">{\"@context\":\"https:\\\/\\\/schema.org\",\"@graph\":[{\"@type\":\"Article\",\"@id\":\"https:\\\/\\\/bogensperk.si\\\/it\\\/meditazione-sonora-con-sandra-amon\\\/#article\",\"isPartOf\":{\"@id\":\"https:\\\/\\\/bogensperk.si\\\/it\\\/meditazione-sonora-con-sandra-amon\\\/\"},\"author\":{\"name\":\"bogensperk\",\"@id\":\"https:\\\/\\\/bogensperk.si\\\/it\\\/#\\\/schema\\\/person\\\/6c56a9fdb300d5333beb40c5c6fb5813\"},\"headline\":\"Meditazione sonora con Sandra Amon\",\"datePublished\":\"2025-07-01T12:28:38+00:00\",\"mainEntityOfPage\":{\"@id\":\"https:\\\/\\\/bogensperk.si\\\/it\\\/meditazione-sonora-con-sandra-amon\\\/\"},\"wordCount\":99,\"image\":{\"@id\":\"https:\\\/\\\/bogensperk.si\\\/it\\\/meditazione-sonora-con-sandra-amon\\\/#primaryimage\"},\"thumbnailUrl\":\"https:\\\/\\\/bogensperk.si\\\/wp-content\\\/uploads\\\/2025\\\/07\\\/Zvocna-meditacija-Sandra-Amon-4-1.jpg\",\"articleSection\":[\"Festival di Bogen\u0161perk\"],\"inLanguage\":\"it-IT\"},{\"@type\":\"WebPage\",\"@id\":\"https:\\\/\\\/bogensperk.si\\\/it\\\/meditazione-sonora-con-sandra-amon\\\/\",\"url\":\"https:\\\/\\\/bogensperk.si\\\/it\\\/meditazione-sonora-con-sandra-amon\\\/\",\"name\":\"Meditazione sonora con Sandra Amon - Grad Bogen\u0161perk\",\"isPartOf\":{\"@id\":\"https:\\\/\\\/bogensperk.si\\\/it\\\/#website\"},\"primaryImageOfPage\":{\"@id\":\"https:\\\/\\\/bogensperk.si\\\/it\\\/meditazione-sonora-con-sandra-amon\\\/#primaryimage\"},\"image\":{\"@id\":\"https:\\\/\\\/bogensperk.si\\\/it\\\/meditazione-sonora-con-sandra-amon\\\/#primaryimage\"},\"thumbnailUrl\":\"https:\\\/\\\/bogensperk.si\\\/wp-content\\\/uploads\\\/2025\\\/07\\\/Zvocna-meditacija-Sandra-Amon-4-1.jpg\",\"datePublished\":\"2025-07-01T12:28:38+00:00\",\"author\":{\"@id\":\"https:\\\/\\\/bogensperk.si\\\/it\\\/#\\\/schema\\\/person\\\/6c56a9fdb300d5333beb40c5c6fb5813\"},\"description\":\"Concedetevi un rilassamento profondo e una disconnessione dai fardelli quotidiani con le dolci vibrazioni del gong terapeutico, delle campane koshi, delle ciotole tibetane e di altri strumenti terapeutici. Partecipate a una meditazione sonora nell'atrio mistico e magico del Castello di Bogen\u0161perk, nel cuore della natura incontaminata.\",\"breadcrumb\":{\"@id\":\"https:\\\/\\\/bogensperk.si\\\/it\\\/meditazione-sonora-con-sandra-amon\\\/#breadcrumb\"},\"inLanguage\":\"it-IT\",\"potentialAction\":[{\"@type\":\"ReadAction\",\"target\":[\"https:\\\/\\\/bogensperk.si\\\/it\\\/meditazione-sonora-con-sandra-amon\\\/\"]}]},{\"@type\":\"ImageObject\",\"inLanguage\":\"it-IT\",\"@id\":\"https:\\\/\\\/bogensperk.si\\\/it\\\/meditazione-sonora-con-sandra-amon\\\/#primaryimage\",\"url\":\"https:\\\/\\\/bogensperk.si\\\/wp-content\\\/uploads\\\/2025\\\/07\\\/Zvocna-meditacija-Sandra-Amon-4-1.jpg\",\"contentUrl\":\"https:\\\/\\\/bogensperk.si\\\/wp-content\\\/uploads\\\/2025\\\/07\\\/Zvocna-meditacija-Sandra-Amon-4-1.jpg\",\"width\":250,\"height\":161},{\"@type\":\"BreadcrumbList\",\"@id\":\"https:\\\/\\\/bogensperk.si\\\/it\\\/meditazione-sonora-con-sandra-amon\\\/#breadcrumb\",\"itemListElement\":[{\"@type\":\"ListItem\",\"position\":1,\"name\":\"Home\",\"item\":\"https:\\\/\\\/bogensperk.si\\\/it\\\/\"},{\"@type\":\"ListItem\",\"position\":2,\"name\":\"Meditazione sonora con Sandra Amon\"}]},{\"@type\":\"WebSite\",\"@id\":\"https:\\\/\\\/bogensperk.si\\\/it\\\/#website\",\"url\":\"https:\\\/\\\/bogensperk.si\\\/it\\\/\",\"name\":\"Grad Bogen\u0161perk\",\"description\":\"Renesan\u010dni grad Bogen\u0161perk, prostor mnogih kulturnih dogodkov.\",\"potentialAction\":[{\"@type\":\"SearchAction\",\"target\":{\"@type\":\"EntryPoint\",\"urlTemplate\":\"https:\\\/\\\/bogensperk.si\\\/it\\\/?s={search_term_string}\"},\"query-input\":{\"@type\":\"PropertyValueSpecification\",\"valueRequired\":true,\"valueName\":\"search_term_string\"}}],\"inLanguage\":\"it-IT\"},{\"@type\":\"Person\",\"@id\":\"https:\\\/\\\/bogensperk.si\\\/it\\\/#\\\/schema\\\/person\\\/6c56a9fdb300d5333beb40c5c6fb5813\",\"name\":\"bogensperk\",\"image\":{\"@type\":\"ImageObject\",\"inLanguage\":\"it-IT\",\"@id\":\"https:\\\/\\\/bogensperk.si\\\/wp-content\\\/litespeed\\\/avatar\\\/8004ba687b822552a0d62b6b8071ec71.jpg?ver=1777113468\",\"url\":\"https:\\\/\\\/bogensperk.si\\\/wp-content\\\/litespeed\\\/avatar\\\/8004ba687b822552a0d62b6b8071ec71.jpg?ver=1777113468\",\"contentUrl\":\"https:\\\/\\\/bogensperk.si\\\/wp-content\\\/litespeed\\\/avatar\\\/8004ba687b822552a0d62b6b8071ec71.jpg?ver=1777113468\",\"caption\":\"bogensperk\"},\"url\":\"https:\\\/\\\/bogensperk.si\\\/it\\\/author\\\/bogensperk\\\/\"}]}<\/script>\n<!-- \/ Yoast SEO plugin. -->","yoast_head_json":{"title":"Meditazione sonora con Sandra Amon - Grad Bogen\u0161perk","description":"Concedetevi un rilassamento profondo e una disconnessione dai fardelli quotidiani con le dolci vibrazioni del gong terapeutico, delle campane koshi, delle ciotole tibetane e di altri strumenti terapeutici. Partecipate a una meditazione sonora nell'atrio mistico e magico del Castello di Bogen\u0161perk, nel cuore della natura incontaminata.","robots":{"index":"index","follow":"follow","max-snippet":"max-snippet:-1","max-image-preview":"max-image-preview:large","max-video-preview":"max-video-preview:-1"},"canonical":"https:\/\/bogensperk.si\/it\/meditazione-sonora-con-sandra-amon\/","og_locale":"it_IT","og_type":"article","og_title":"Meditazione sonora con Sandra Amon - Grad Bogen\u0161perk","og_description":"Concedetevi un rilassamento profondo e una disconnessione dai fardelli quotidiani con le dolci vibrazioni del gong terapeutico, delle campane koshi, delle ciotole tibetane e di altri strumenti terapeutici. Partecipate a una meditazione sonora nell'atrio mistico e magico del Castello di Bogen\u0161perk, nel cuore della natura incontaminata.","og_url":"https:\/\/bogensperk.si\/it\/meditazione-sonora-con-sandra-amon\/","og_site_name":"Grad Bogen\u0161perk","article_published_time":"2025-07-01T12:28:38+00:00","og_image":[{"width":250,"height":161,"url":"https:\/\/bogensperk.si\/wp-content\/uploads\/2025\/07\/Zvocna-meditacija-Sandra-Amon-4-1.jpg","type":"image\/jpeg"}],"author":"bogensperk","twitter_card":"summary_large_image","twitter_misc":{"Scritto da":"bogensperk"},"schema":{"@context":"https:\/\/schema.org","@graph":[{"@type":"Article","@id":"https:\/\/bogensperk.si\/it\/meditazione-sonora-con-sandra-amon\/#article","isPartOf":{"@id":"https:\/\/bogensperk.si\/it\/meditazione-sonora-con-sandra-amon\/"},"author":{"name":"bogensperk","@id":"https:\/\/bogensperk.si\/it\/#\/schema\/person\/6c56a9fdb300d5333beb40c5c6fb5813"},"headline":"Meditazione sonora con Sandra Amon","datePublished":"2025-07-01T12:28:38+00:00","mainEntityOfPage":{"@id":"https:\/\/bogensperk.si\/it\/meditazione-sonora-con-sandra-amon\/"},"wordCount":99,"image":{"@id":"https:\/\/bogensperk.si\/it\/meditazione-sonora-con-sandra-amon\/#primaryimage"},"thumbnailUrl":"https:\/\/bogensperk.si\/wp-content\/uploads\/2025\/07\/Zvocna-meditacija-Sandra-Amon-4-1.jpg","articleSection":["Festival di Bogen\u0161perk"],"inLanguage":"it-IT"},{"@type":"WebPage","@id":"https:\/\/bogensperk.si\/it\/meditazione-sonora-con-sandra-amon\/","url":"https:\/\/bogensperk.si\/it\/meditazione-sonora-con-sandra-amon\/","name":"Meditazione sonora con Sandra Amon - Grad Bogen\u0161perk","isPartOf":{"@id":"https:\/\/bogensperk.si\/it\/#website"},"primaryImageOfPage":{"@id":"https:\/\/bogensperk.si\/it\/meditazione-sonora-con-sandra-amon\/#primaryimage"},"image":{"@id":"https:\/\/bogensperk.si\/it\/meditazione-sonora-con-sandra-amon\/#primaryimage"},"thumbnailUrl":"https:\/\/bogensperk.si\/wp-content\/uploads\/2025\/07\/Zvocna-meditacija-Sandra-Amon-4-1.jpg","datePublished":"2025-07-01T12:28:38+00:00","author":{"@id":"https:\/\/bogensperk.si\/it\/#\/schema\/person\/6c56a9fdb300d5333beb40c5c6fb5813"},"description":"Concedetevi un rilassamento profondo e una disconnessione dai fardelli quotidiani con le dolci vibrazioni del gong terapeutico, delle campane koshi, delle ciotole tibetane e di altri strumenti terapeutici. Partecipate a una meditazione sonora nell'atrio mistico e magico del Castello di Bogen\u0161perk, nel cuore della natura incontaminata.","breadcrumb":{"@id":"https:\/\/bogensperk.si\/it\/meditazione-sonora-con-sandra-amon\/#breadcrumb"},"inLanguage":"it-IT","potentialAction":[{"@type":"ReadAction","target":["https:\/\/bogensperk.si\/it\/meditazione-sonora-con-sandra-amon\/"]}]},{"@type":"ImageObject","inLanguage":"it-IT","@id":"https:\/\/bogensperk.si\/it\/meditazione-sonora-con-sandra-amon\/#primaryimage","url":"https:\/\/bogensperk.si\/wp-content\/uploads\/2025\/07\/Zvocna-meditacija-Sandra-Amon-4-1.jpg","contentUrl":"https:\/\/bogensperk.si\/wp-content\/uploads\/2025\/07\/Zvocna-meditacija-Sandra-Amon-4-1.jpg","width":250,"height":161},{"@type":"BreadcrumbList","@id":"https:\/\/bogensperk.si\/it\/meditazione-sonora-con-sandra-amon\/#breadcrumb","itemListElement":[{"@type":"ListItem","position":1,"name":"Home","item":"https:\/\/bogensperk.si\/it\/"},{"@type":"ListItem","position":2,"name":"Meditazione sonora con Sandra Amon"}]},{"@type":"WebSite","@id":"https:\/\/bogensperk.si\/it\/#website","url":"https:\/\/bogensperk.si\/it\/","name":"Grad Bogen\u0161perk","description":"Renesan\u010dni grad Bogen\u0161perk, prostor mnogih kulturnih dogodkov.","potentialAction":[{"@type":"SearchAction","target":{"@type":"EntryPoint","urlTemplate":"https:\/\/bogensperk.si\/it\/?s={search_term_string}"},"query-input":{"@type":"PropertyValueSpecification","valueRequired":true,"valueName":"search_term_string"}}],"inLanguage":"it-IT"},{"@type":"Person","@id":"https:\/\/bogensperk.si\/it\/#\/schema\/person\/6c56a9fdb300d5333beb40c5c6fb5813","name":"bogensperk","image":{"@type":"ImageObject","inLanguage":"it-IT","@id":"https:\/\/bogensperk.si\/wp-content\/litespeed\/avatar\/8004ba687b822552a0d62b6b8071ec71.jpg?ver=1777113468","url":"https:\/\/bogensperk.si\/wp-content\/litespeed\/avatar\/8004ba687b822552a0d62b6b8071ec71.jpg?ver=1777113468","contentUrl":"https:\/\/bogensperk.si\/wp-content\/litespeed\/avatar\/8004ba687b822552a0d62b6b8071ec71.jpg?ver=1777113468","caption":"bogensperk"},"url":"https:\/\/bogensperk.si\/it\/author\/bogensperk\/"}]}},"_links":{"self":[{"href":"https:\/\/bogensperk.si\/it\/wp-json\/wp\/v2\/posts\/4407909","targetHints":{"allow":["GET"]}}],"collection":[{"href":"https:\/\/bogensperk.si\/it\/wp-json\/wp\/v2\/posts"}],"about":[{"href":"https:\/\/bogensperk.si\/it\/wp-json\/wp\/v2\/types\/post"}],"author":[{"embeddable":true,"href":"https:\/\/bogensperk.si\/it\/wp-json\/wp\/v2\/users\/2"}],"replies":[{"embeddable":true,"href":"https:\/\/bogensperk.si\/it\/wp-json\/wp\/v2\/comments?post=4407909"}],"version-history":[{"count":0,"href":"https:\/\/bogensperk.si\/it\/wp-json\/wp\/v2\/posts\/4407909\/revisions"}],"wp:featuredmedia":[{"embeddable":true,"href":"https:\/\/bogensperk.si\/it\/wp-json\/wp\/v2\/media\/4407907"}],"wp:attachment":[{"href":"https:\/\/bogensperk.si\/it\/wp-json\/wp\/v2\/media?parent=4407909"}],"wp:term":[{"taxonomy":"category","embeddable":true,"href":"https:\/\/bogensperk.si\/it\/wp-json\/wp\/v2\/categories?post=4407909"},{"taxonomy":"post_tag","embeddable":true,"href":"https:\/\/bogensperk.si\/it\/wp-json\/wp\/v2\/tags?post=4407909"}],"curies":[{"name":"wp","href":"https:\/\/api.w.org\/{rel}","templated":true}]}}