{"id":4408274,"date":"2025-09-02T10:00:01","date_gmt":"2025-09-02T08:00:01","guid":{"rendered":"https:\/\/bogensperk.si\/valvasors-march\/"},"modified":"2025-09-10T13:57:51","modified_gmt":"2025-09-10T11:57:51","slug":"valvasors-march","status":"publish","type":"post","link":"https:\/\/bogensperk.si\/en\/valvasors-march\/","title":{"rendered":"Valvasor&#8217;s Hike"},"content":{"rendered":"<div class=\"xdj266r x14z9mp xat24cr x1lziwak x1vvkbs\">On Saturday, 20 September, we invite you to the traditional Valvasor&#8217;s Hike. The meeting point will be at the Bogen\u0161perk Castle car park at 9 am. From there, hikers will follow a circular route along the hillsides of the former Bogen\u0161perk estate: the \u010crni Potok, Lichtenberk, past the former Sela Manor and the remains of the Slatna Manor. As every year, the Litija Library will enrich the walk with additional content. This year&#8217;s theme, which will be presented on signs along the route, will introduce hikers to the Valvasor Cavalry, which celebrated its 30th anniversary in 2023, and this year marks 30 years since the members of the Cavalry founded the association to facilitate the planning and organisation of trails and journeys.      <\/div>\n<div class=\"x14z9mp xat24cr x1lziwak x1vvkbs xtlvy1s\">The hike will be led by mountaineer <strong>Jo\u017ee Sinigoj, who<\/strong> also designed the Valvasor&#8217;s Trail.<\/div>\n<div class=\"x14z9mp xat24cr x1lziwak x1vvkbs xtlvy1s\">Length: 11 km (4 hours)<\/div>\n<div class=\"x14z9mp xat24cr x1lziwak x1vvkbs xtlvy1s\">Hikers will be able to register at the car park for a hot meal, which will be served by the Castle Terrace Tavern on your return to the castle.<\/div>\n<div class=\"x14z9mp xat24cr x1lziwak x1vvkbs xtlvy1s\">The event takes place as part of the Bogen\u0161perk Festival and is organised by the Municipality of \u0160martno pri Litija, the Litija Library and the Public Institute Bogen\u0161perk.<\/div>\n<div class=\"x14z9mp xat24cr x1lziwak x1vvkbs xtlvy1s\">More information: info@bogensperk.si<\/div>\n<div class=\"x14z9mp xat24cr x1lziwak x1vvkbs xtlvy1s\">The hike is at your own risk.<br class=\"html-br\">In case of rain the hike will be cancelled.<\/div>\n","protected":false},"excerpt":{"rendered":"<p>On Saturday, 20 September, we invite you to the traditional Valvasor&#8217;s Hike. The meeting point will be at the Bogen\u0161perk Castle car park at 9 am. From there, hikers will follow a circular route along the hillsides of the former Bogen\u0161perk estate: the \u010crni Potok, Lichtenberk, past the former Sela Manor and the remains of [&hellip;]<\/p>\n","protected":false},"author":2,"featured_media":4408257,"comment_status":"closed","ping_status":"closed","sticky":false,"template":"","format":"standard","meta":{"_et_pb_use_builder":"","_et_pb_old_content":"","_et_gb_content_width":"","inline_featured_image":false,"footnotes":""},"categories":[74,71,62],"tags":[],"class_list":["post-4408274","post","type-post","status-publish","format-standard","has-post-thumbnail","hentry","category-current-events-at-the-castle","category-current-festival-events","category-news"],"yoast_head":"<!-- This site is optimized with the Yoast SEO plugin v27.4 - https:\/\/yoast.com\/product\/yoast-seo-wordpress\/ -->\n<title>Valvasor&#039;s Hike - Grad Bogen\u0161perk<\/title>\n<meta name=\"description\" content=\"On Saturday, 20 September, we invite you to the traditional Valvasor&#039;s March. The meeting point will be at the Bogen\u0161perk Castle car park at 9 am. From there, hikers will be led on a circular route along the hillsides of the former Bogen\u0161perk estate: the \u010crni Potok, Lichtenberk, past the former Sela Manor and the remains of the Slatna Manor.The hike will be led by Jernej Kotar, PhD in Historical Sciences, and Jo\u017ee Sinigoj, a mountaineer, who also designed the Valvasor&#039;s Hiking Trail.11 km (4 hours)Hikers will be able to register for a hot meal at the car park, which will be served by the Castle Terrace Tavern on your return to the castle.The event takes place as part of the Bogen\u0161perk Festival and is organised by the Municipality of \u0160martno pri Litija, the Litija Library and the Public Institute Bogen\u0161perk.More information: info@bogensperk.siPohod.The hike is organised at your own risk.In the event of rain, the hike will be cancelled.\" \/>\n<meta name=\"robots\" content=\"index, follow, max-snippet:-1, max-image-preview:large, max-video-preview:-1\" \/>\n<link rel=\"canonical\" href=\"https:\/\/bogensperk.si\/en\/valvasors-march\/\" \/>\n<meta property=\"og:locale\" content=\"en_US\" \/>\n<meta property=\"og:type\" content=\"article\" \/>\n<meta property=\"og:title\" content=\"Valvasor&#039;s Hike - Grad Bogen\u0161perk\" \/>\n<meta property=\"og:description\" content=\"On Saturday, 20 September, we invite you to the traditional Valvasor&#039;s March. The meeting point will be at the Bogen\u0161perk Castle car park at 9 am. From there, hikers will be led on a circular route along the hillsides of the former Bogen\u0161perk estate: the \u010crni Potok, Lichtenberk, past the former Sela Manor and the remains of the Slatna Manor.The hike will be led by Jernej Kotar, PhD in Historical Sciences, and Jo\u017ee Sinigoj, a mountaineer, who also designed the Valvasor&#039;s Hiking Trail.11 km (4 hours)Hikers will be able to register for a hot meal at the car park, which will be served by the Castle Terrace Tavern on your return to the castle.The event takes place as part of the Bogen\u0161perk Festival and is organised by the Municipality of \u0160martno pri Litija, the Litija Library and the Public Institute Bogen\u0161perk.More information: info@bogensperk.siPohod.The hike is organised at your own risk.In the event of rain, the hike will be cancelled.\" \/>\n<meta property=\"og:url\" content=\"https:\/\/bogensperk.si\/en\/valvasors-march\/\" \/>\n<meta property=\"og:site_name\" content=\"Grad Bogen\u0161perk\" \/>\n<meta property=\"article:published_time\" content=\"2025-09-02T08:00:01+00:00\" \/>\n<meta property=\"article:modified_time\" content=\"2025-09-10T11:57:51+00:00\" \/>\n<meta property=\"og:image\" content=\"https:\/\/bogensperk.si\/wp-content\/uploads\/2025\/09\/Valvasorjev-pohod-2024-Mojca-mala.jpg\" \/>\n\t<meta property=\"og:image:width\" content=\"1050\" \/>\n\t<meta property=\"og:image:height\" content=\"699\" \/>\n\t<meta property=\"og:image:type\" content=\"image\/jpeg\" \/>\n<meta name=\"author\" content=\"bogensperk\" \/>\n<meta name=\"twitter:card\" content=\"summary_large_image\" \/>\n<meta name=\"twitter:label1\" content=\"Written by\" \/>\n\t<meta name=\"twitter:data1\" content=\"bogensperk\" \/>\n\t<meta name=\"twitter:label2\" content=\"Est. reading time\" \/>\n\t<meta name=\"twitter:data2\" content=\"1 minute\" \/>\n<script type=\"application\/ld+json\" class=\"yoast-schema-graph\">{\"@context\":\"https:\\\/\\\/schema.org\",\"@graph\":[{\"@type\":\"Article\",\"@id\":\"https:\\\/\\\/bogensperk.si\\\/en\\\/valvasors-march\\\/#article\",\"isPartOf\":{\"@id\":\"https:\\\/\\\/bogensperk.si\\\/en\\\/valvasors-march\\\/\"},\"author\":{\"name\":\"bogensperk\",\"@id\":\"https:\\\/\\\/bogensperk.si\\\/en\\\/#\\\/schema\\\/person\\\/6c56a9fdb300d5333beb40c5c6fb5813\"},\"headline\":\"Valvasor&#8217;s Hike\",\"datePublished\":\"2025-09-02T08:00:01+00:00\",\"dateModified\":\"2025-09-10T11:57:51+00:00\",\"mainEntityOfPage\":{\"@id\":\"https:\\\/\\\/bogensperk.si\\\/en\\\/valvasors-march\\\/\"},\"wordCount\":225,\"image\":{\"@id\":\"https:\\\/\\\/bogensperk.si\\\/en\\\/valvasors-march\\\/#primaryimage\"},\"thumbnailUrl\":\"https:\\\/\\\/bogensperk.si\\\/wp-content\\\/uploads\\\/2025\\\/09\\\/Valvasorjev-pohod-2024-Mojca-mala.jpg\",\"articleSection\":[\"Current events at the castle\",\"Current Festival Events\",\"News\"],\"inLanguage\":\"en-US\"},{\"@type\":\"WebPage\",\"@id\":\"https:\\\/\\\/bogensperk.si\\\/en\\\/valvasors-march\\\/\",\"url\":\"https:\\\/\\\/bogensperk.si\\\/en\\\/valvasors-march\\\/\",\"name\":\"Valvasor's Hike - Grad Bogen\u0161perk\",\"isPartOf\":{\"@id\":\"https:\\\/\\\/bogensperk.si\\\/en\\\/#website\"},\"primaryImageOfPage\":{\"@id\":\"https:\\\/\\\/bogensperk.si\\\/en\\\/valvasors-march\\\/#primaryimage\"},\"image\":{\"@id\":\"https:\\\/\\\/bogensperk.si\\\/en\\\/valvasors-march\\\/#primaryimage\"},\"thumbnailUrl\":\"https:\\\/\\\/bogensperk.si\\\/wp-content\\\/uploads\\\/2025\\\/09\\\/Valvasorjev-pohod-2024-Mojca-mala.jpg\",\"datePublished\":\"2025-09-02T08:00:01+00:00\",\"dateModified\":\"2025-09-10T11:57:51+00:00\",\"author\":{\"@id\":\"https:\\\/\\\/bogensperk.si\\\/en\\\/#\\\/schema\\\/person\\\/6c56a9fdb300d5333beb40c5c6fb5813\"},\"description\":\"On Saturday, 20 September, we invite you to the traditional Valvasor's March. The meeting point will be at the Bogen\u0161perk Castle car park at 9 am. From there, hikers will be led on a circular route along the hillsides of the former Bogen\u0161perk estate: the \u010crni Potok, Lichtenberk, past the former Sela Manor and the remains of the Slatna Manor.The hike will be led by Jernej Kotar, PhD in Historical Sciences, and Jo\u017ee Sinigoj, a mountaineer, who also designed the Valvasor's Hiking Trail.11 km (4 hours)Hikers will be able to register for a hot meal at the car park, which will be served by the Castle Terrace Tavern on your return to the castle.The event takes place as part of the Bogen\u0161perk Festival and is organised by the Municipality of \u0160martno pri Litija, the Litija Library and the Public Institute Bogen\u0161perk.More information: info@bogensperk.siPohod.The hike is organised at your own risk.In the event of rain, the hike will be cancelled.\",\"breadcrumb\":{\"@id\":\"https:\\\/\\\/bogensperk.si\\\/en\\\/valvasors-march\\\/#breadcrumb\"},\"inLanguage\":\"en-US\",\"potentialAction\":[{\"@type\":\"ReadAction\",\"target\":[\"https:\\\/\\\/bogensperk.si\\\/en\\\/valvasors-march\\\/\"]}]},{\"@type\":\"ImageObject\",\"inLanguage\":\"en-US\",\"@id\":\"https:\\\/\\\/bogensperk.si\\\/en\\\/valvasors-march\\\/#primaryimage\",\"url\":\"https:\\\/\\\/bogensperk.si\\\/wp-content\\\/uploads\\\/2025\\\/09\\\/Valvasorjev-pohod-2024-Mojca-mala.jpg\",\"contentUrl\":\"https:\\\/\\\/bogensperk.si\\\/wp-content\\\/uploads\\\/2025\\\/09\\\/Valvasorjev-pohod-2024-Mojca-mala.jpg\",\"width\":1050,\"height\":699},{\"@type\":\"BreadcrumbList\",\"@id\":\"https:\\\/\\\/bogensperk.si\\\/en\\\/valvasors-march\\\/#breadcrumb\",\"itemListElement\":[{\"@type\":\"ListItem\",\"position\":1,\"name\":\"Home\",\"item\":\"https:\\\/\\\/bogensperk.si\\\/en\\\/\"},{\"@type\":\"ListItem\",\"position\":2,\"name\":\"Valvasor&#8217;s Hike\"}]},{\"@type\":\"WebSite\",\"@id\":\"https:\\\/\\\/bogensperk.si\\\/en\\\/#website\",\"url\":\"https:\\\/\\\/bogensperk.si\\\/en\\\/\",\"name\":\"Grad Bogen\u0161perk\",\"description\":\"Renesan\u010dni grad Bogen\u0161perk, prostor mnogih kulturnih dogodkov.\",\"potentialAction\":[{\"@type\":\"SearchAction\",\"target\":{\"@type\":\"EntryPoint\",\"urlTemplate\":\"https:\\\/\\\/bogensperk.si\\\/en\\\/?s={search_term_string}\"},\"query-input\":{\"@type\":\"PropertyValueSpecification\",\"valueRequired\":true,\"valueName\":\"search_term_string\"}}],\"inLanguage\":\"en-US\"},{\"@type\":\"Person\",\"@id\":\"https:\\\/\\\/bogensperk.si\\\/en\\\/#\\\/schema\\\/person\\\/6c56a9fdb300d5333beb40c5c6fb5813\",\"name\":\"bogensperk\",\"image\":{\"@type\":\"ImageObject\",\"inLanguage\":\"en-US\",\"@id\":\"https:\\\/\\\/bogensperk.si\\\/wp-content\\\/litespeed\\\/avatar\\\/8004ba687b822552a0d62b6b8071ec71.jpg?ver=1777113468\",\"url\":\"https:\\\/\\\/bogensperk.si\\\/wp-content\\\/litespeed\\\/avatar\\\/8004ba687b822552a0d62b6b8071ec71.jpg?ver=1777113468\",\"contentUrl\":\"https:\\\/\\\/bogensperk.si\\\/wp-content\\\/litespeed\\\/avatar\\\/8004ba687b822552a0d62b6b8071ec71.jpg?ver=1777113468\",\"caption\":\"bogensperk\"},\"url\":\"https:\\\/\\\/bogensperk.si\\\/en\\\/author\\\/bogensperk\\\/\"}]}<\/script>\n<!-- \/ Yoast SEO plugin. -->","yoast_head_json":{"title":"Valvasor's Hike - Grad Bogen\u0161perk","description":"On Saturday, 20 September, we invite you to the traditional Valvasor's March. The meeting point will be at the Bogen\u0161perk Castle car park at 9 am. From there, hikers will be led on a circular route along the hillsides of the former Bogen\u0161perk estate: the \u010crni Potok, Lichtenberk, past the former Sela Manor and the remains of the Slatna Manor.The hike will be led by Jernej Kotar, PhD in Historical Sciences, and Jo\u017ee Sinigoj, a mountaineer, who also designed the Valvasor's Hiking Trail.11 km (4 hours)Hikers will be able to register for a hot meal at the car park, which will be served by the Castle Terrace Tavern on your return to the castle.The event takes place as part of the Bogen\u0161perk Festival and is organised by the Municipality of \u0160martno pri Litija, the Litija Library and the Public Institute Bogen\u0161perk.More information: info@bogensperk.siPohod.The hike is organised at your own risk.In the event of rain, the hike will be cancelled.","robots":{"index":"index","follow":"follow","max-snippet":"max-snippet:-1","max-image-preview":"max-image-preview:large","max-video-preview":"max-video-preview:-1"},"canonical":"https:\/\/bogensperk.si\/en\/valvasors-march\/","og_locale":"en_US","og_type":"article","og_title":"Valvasor's Hike - Grad Bogen\u0161perk","og_description":"On Saturday, 20 September, we invite you to the traditional Valvasor's March. The meeting point will be at the Bogen\u0161perk Castle car park at 9 am. From there, hikers will be led on a circular route along the hillsides of the former Bogen\u0161perk estate: the \u010crni Potok, Lichtenberk, past the former Sela Manor and the remains of the Slatna Manor.The hike will be led by Jernej Kotar, PhD in Historical Sciences, and Jo\u017ee Sinigoj, a mountaineer, who also designed the Valvasor's Hiking Trail.11 km (4 hours)Hikers will be able to register for a hot meal at the car park, which will be served by the Castle Terrace Tavern on your return to the castle.The event takes place as part of the Bogen\u0161perk Festival and is organised by the Municipality of \u0160martno pri Litija, the Litija Library and the Public Institute Bogen\u0161perk.More information: info@bogensperk.siPohod.The hike is organised at your own risk.In the event of rain, the hike will be cancelled.","og_url":"https:\/\/bogensperk.si\/en\/valvasors-march\/","og_site_name":"Grad Bogen\u0161perk","article_published_time":"2025-09-02T08:00:01+00:00","article_modified_time":"2025-09-10T11:57:51+00:00","og_image":[{"width":1050,"height":699,"url":"https:\/\/bogensperk.si\/wp-content\/uploads\/2025\/09\/Valvasorjev-pohod-2024-Mojca-mala.jpg","type":"image\/jpeg"}],"author":"bogensperk","twitter_card":"summary_large_image","twitter_misc":{"Written by":"bogensperk","Est. reading time":"1 minute"},"schema":{"@context":"https:\/\/schema.org","@graph":[{"@type":"Article","@id":"https:\/\/bogensperk.si\/en\/valvasors-march\/#article","isPartOf":{"@id":"https:\/\/bogensperk.si\/en\/valvasors-march\/"},"author":{"name":"bogensperk","@id":"https:\/\/bogensperk.si\/en\/#\/schema\/person\/6c56a9fdb300d5333beb40c5c6fb5813"},"headline":"Valvasor&#8217;s Hike","datePublished":"2025-09-02T08:00:01+00:00","dateModified":"2025-09-10T11:57:51+00:00","mainEntityOfPage":{"@id":"https:\/\/bogensperk.si\/en\/valvasors-march\/"},"wordCount":225,"image":{"@id":"https:\/\/bogensperk.si\/en\/valvasors-march\/#primaryimage"},"thumbnailUrl":"https:\/\/bogensperk.si\/wp-content\/uploads\/2025\/09\/Valvasorjev-pohod-2024-Mojca-mala.jpg","articleSection":["Current events at the castle","Current Festival Events","News"],"inLanguage":"en-US"},{"@type":"WebPage","@id":"https:\/\/bogensperk.si\/en\/valvasors-march\/","url":"https:\/\/bogensperk.si\/en\/valvasors-march\/","name":"Valvasor's Hike - Grad Bogen\u0161perk","isPartOf":{"@id":"https:\/\/bogensperk.si\/en\/#website"},"primaryImageOfPage":{"@id":"https:\/\/bogensperk.si\/en\/valvasors-march\/#primaryimage"},"image":{"@id":"https:\/\/bogensperk.si\/en\/valvasors-march\/#primaryimage"},"thumbnailUrl":"https:\/\/bogensperk.si\/wp-content\/uploads\/2025\/09\/Valvasorjev-pohod-2024-Mojca-mala.jpg","datePublished":"2025-09-02T08:00:01+00:00","dateModified":"2025-09-10T11:57:51+00:00","author":{"@id":"https:\/\/bogensperk.si\/en\/#\/schema\/person\/6c56a9fdb300d5333beb40c5c6fb5813"},"description":"On Saturday, 20 September, we invite you to the traditional Valvasor's March. The meeting point will be at the Bogen\u0161perk Castle car park at 9 am. From there, hikers will be led on a circular route along the hillsides of the former Bogen\u0161perk estate: the \u010crni Potok, Lichtenberk, past the former Sela Manor and the remains of the Slatna Manor.The hike will be led by Jernej Kotar, PhD in Historical Sciences, and Jo\u017ee Sinigoj, a mountaineer, who also designed the Valvasor's Hiking Trail.11 km (4 hours)Hikers will be able to register for a hot meal at the car park, which will be served by the Castle Terrace Tavern on your return to the castle.The event takes place as part of the Bogen\u0161perk Festival and is organised by the Municipality of \u0160martno pri Litija, the Litija Library and the Public Institute Bogen\u0161perk.More information: info@bogensperk.siPohod.The hike is organised at your own risk.In the event of rain, the hike will be cancelled.","breadcrumb":{"@id":"https:\/\/bogensperk.si\/en\/valvasors-march\/#breadcrumb"},"inLanguage":"en-US","potentialAction":[{"@type":"ReadAction","target":["https:\/\/bogensperk.si\/en\/valvasors-march\/"]}]},{"@type":"ImageObject","inLanguage":"en-US","@id":"https:\/\/bogensperk.si\/en\/valvasors-march\/#primaryimage","url":"https:\/\/bogensperk.si\/wp-content\/uploads\/2025\/09\/Valvasorjev-pohod-2024-Mojca-mala.jpg","contentUrl":"https:\/\/bogensperk.si\/wp-content\/uploads\/2025\/09\/Valvasorjev-pohod-2024-Mojca-mala.jpg","width":1050,"height":699},{"@type":"BreadcrumbList","@id":"https:\/\/bogensperk.si\/en\/valvasors-march\/#breadcrumb","itemListElement":[{"@type":"ListItem","position":1,"name":"Home","item":"https:\/\/bogensperk.si\/en\/"},{"@type":"ListItem","position":2,"name":"Valvasor&#8217;s Hike"}]},{"@type":"WebSite","@id":"https:\/\/bogensperk.si\/en\/#website","url":"https:\/\/bogensperk.si\/en\/","name":"Grad Bogen\u0161perk","description":"Renesan\u010dni grad Bogen\u0161perk, prostor mnogih kulturnih dogodkov.","potentialAction":[{"@type":"SearchAction","target":{"@type":"EntryPoint","urlTemplate":"https:\/\/bogensperk.si\/en\/?s={search_term_string}"},"query-input":{"@type":"PropertyValueSpecification","valueRequired":true,"valueName":"search_term_string"}}],"inLanguage":"en-US"},{"@type":"Person","@id":"https:\/\/bogensperk.si\/en\/#\/schema\/person\/6c56a9fdb300d5333beb40c5c6fb5813","name":"bogensperk","image":{"@type":"ImageObject","inLanguage":"en-US","@id":"https:\/\/bogensperk.si\/wp-content\/litespeed\/avatar\/8004ba687b822552a0d62b6b8071ec71.jpg?ver=1777113468","url":"https:\/\/bogensperk.si\/wp-content\/litespeed\/avatar\/8004ba687b822552a0d62b6b8071ec71.jpg?ver=1777113468","contentUrl":"https:\/\/bogensperk.si\/wp-content\/litespeed\/avatar\/8004ba687b822552a0d62b6b8071ec71.jpg?ver=1777113468","caption":"bogensperk"},"url":"https:\/\/bogensperk.si\/en\/author\/bogensperk\/"}]}},"_links":{"self":[{"href":"https:\/\/bogensperk.si\/en\/wp-json\/wp\/v2\/posts\/4408274","targetHints":{"allow":["GET"]}}],"collection":[{"href":"https:\/\/bogensperk.si\/en\/wp-json\/wp\/v2\/posts"}],"about":[{"href":"https:\/\/bogensperk.si\/en\/wp-json\/wp\/v2\/types\/post"}],"author":[{"embeddable":true,"href":"https:\/\/bogensperk.si\/en\/wp-json\/wp\/v2\/users\/2"}],"replies":[{"embeddable":true,"href":"https:\/\/bogensperk.si\/en\/wp-json\/wp\/v2\/comments?post=4408274"}],"version-history":[{"count":2,"href":"https:\/\/bogensperk.si\/en\/wp-json\/wp\/v2\/posts\/4408274\/revisions"}],"predecessor-version":[{"id":4408344,"href":"https:\/\/bogensperk.si\/en\/wp-json\/wp\/v2\/posts\/4408274\/revisions\/4408344"}],"wp:featuredmedia":[{"embeddable":true,"href":"https:\/\/bogensperk.si\/en\/wp-json\/wp\/v2\/media\/4408257"}],"wp:attachment":[{"href":"https:\/\/bogensperk.si\/en\/wp-json\/wp\/v2\/media?parent=4408274"}],"wp:term":[{"taxonomy":"category","embeddable":true,"href":"https:\/\/bogensperk.si\/en\/wp-json\/wp\/v2\/categories?post=4408274"},{"taxonomy":"post_tag","embeddable":true,"href":"https:\/\/bogensperk.si\/en\/wp-json\/wp\/v2\/tags?post=4408274"}],"curies":[{"name":"wp","href":"https:\/\/api.w.org\/{rel}","templated":true}]}}