{"id":4407046,"date":"2025-05-08T11:25:38","date_gmt":"2025-05-08T09:25:38","guid":{"rendered":"https:\/\/test.bogensperk.si\/razelektreno-with-siddharta\/"},"modified":"2025-06-19T21:53:01","modified_gmt":"2025-06-19T19:53:01","slug":"razelektreno-with-siddharta","status":"publish","type":"post","link":"https:\/\/bogensperk.si\/en\/razelektreno-with-siddharta\/","title":{"rendered":"Siddharta razelektreno Concert Visitor Instructions"},"content":{"rendered":"<p>Siddharta is coming to Bogen\u0161perk Castle on Friday, 20 June. (Photo: Uro\u0161 Abram) Siddhartha will be performing at the Bogen\u0161perk Festival to close this year&#8217;s Razelektreno tour.   <\/p>\n<p><strong>INSTRUCTIONS TO VISITORS<\/strong><\/p>\n<p>Due to limited parking spaces, only \u201cfully occupied\u201d vehicles will be allowed to park in the Bogen\u0161perk Castle car park. Visitors are kindly asked to make the best use of the free shuttle buses that will be running to and from Bogen\u0161perk from Litija after the concert. <\/p>\n<p>WARNING! We have updated the timetable below. <\/p>\n<p>Departures of the Festibus from the boarding station at Litija railway station:<br \/>\n&#8211; at 18.00<br \/>\n&#8211; at 18.15<br \/>\n&#8211; at 18.30<br \/>\n&#8211; at 19.00<br \/>\n&#8211; at 19.15<br \/>\n&#8211; at 19.30<\/p>\n<p>Doors to the venue open at 18:30.<\/p>\n<p><img loading=\"lazy\" decoding=\"async\" class=\"alignnone wp-image-4407838 size-full\" src=\"https:\/\/bogensperk.si\/wp-content\/uploads\/2025\/06\/Festibus-Siddharta-Razelektreno-grad-Bogensperk.png\" alt=\"\" width=\"1414\" height=\"2000\" srcset=\"https:\/\/bogensperk.si\/wp-content\/uploads\/2025\/06\/Festibus-Siddharta-Razelektreno-grad-Bogensperk.png 1414w, https:\/\/bogensperk.si\/wp-content\/uploads\/2025\/06\/Festibus-Siddharta-Razelektreno-grad-Bogensperk-1280x1810.png 1280w, https:\/\/bogensperk.si\/wp-content\/uploads\/2025\/06\/Festibus-Siddharta-Razelektreno-grad-Bogensperk-980x1386.png 980w, https:\/\/bogensperk.si\/wp-content\/uploads\/2025\/06\/Festibus-Siddharta-Razelektreno-grad-Bogensperk-480x679.png 480w\" sizes=\"(min-width: 0px) and (max-width: 480px) 480px, (min-width: 481px) and (max-width: 980px) 980px, (min-width: 981px) and (max-width: 1280px) 1280px, (min-width: 1281px) 1414px, 100vw\" \/><\/p>\n<p>&nbsp;<\/p>\n","protected":false},"excerpt":{"rendered":"<p>Siddharta concludes the Razelektreno tour with a concert at the Bogen\u0161perk Festival.  <\/p>\n","protected":false},"author":2,"featured_media":4405973,"comment_status":"closed","ping_status":"closed","sticky":false,"template":"","format":"standard","meta":{"_et_pb_use_builder":"","_et_pb_old_content":"","_et_gb_content_width":"","inline_featured_image":false,"footnotes":""},"categories":[50],"tags":[51],"class_list":["post-4407046","post","type-post","status-publish","format-standard","has-post-thumbnail","hentry","category-bogensperk-festival","tag-bogensperk-festival"],"yoast_head":"<!-- This site is optimized with the Yoast SEO plugin v27.4 - https:\/\/yoast.com\/product\/yoast-seo-wordpress\/ -->\n<title>Siddharta razelektreno Concert Visitor Instructions - Grad Bogen\u0161perk<\/title>\n<meta name=\"description\" content=\"Siddharta will conclude this year&#039;s Razelektreno tour with a final concert at the Bogen\u0161perk Festival. Photo.\" \/>\n<meta name=\"robots\" content=\"index, follow, max-snippet:-1, max-image-preview:large, max-video-preview:-1\" \/>\n<link rel=\"canonical\" href=\"https:\/\/bogensperk.si\/en\/razelektreno-with-siddharta\/\" \/>\n<meta property=\"og:locale\" content=\"en_US\" \/>\n<meta property=\"og:type\" content=\"article\" \/>\n<meta property=\"og:title\" content=\"Siddharta razelektreno Concert Visitor Instructions - Grad Bogen\u0161perk\" \/>\n<meta property=\"og:description\" content=\"Siddharta will conclude this year&#039;s Razelektreno tour with a final concert at the Bogen\u0161perk Festival. Photo.\" \/>\n<meta property=\"og:url\" content=\"https:\/\/bogensperk.si\/en\/razelektreno-with-siddharta\/\" \/>\n<meta property=\"og:site_name\" content=\"Grad Bogen\u0161perk\" \/>\n<meta property=\"article:published_time\" content=\"2025-05-08T09:25:38+00:00\" \/>\n<meta property=\"article:modified_time\" content=\"2025-06-19T19:53:01+00:00\" \/>\n<meta property=\"og:image\" content=\"https:\/\/bogensperk.si\/wp-content\/uploads\/2025\/02\/2024-SDDH-Photoshoot-Uros-Abram-mala1.jpg\" \/>\n\t<meta property=\"og:image:width\" content=\"800\" \/>\n\t<meta property=\"og:image:height\" content=\"532\" \/>\n\t<meta property=\"og:image:type\" content=\"image\/jpeg\" \/>\n<meta name=\"author\" content=\"bogensperk\" \/>\n<meta name=\"twitter:card\" content=\"summary_large_image\" \/>\n<meta name=\"twitter:label1\" content=\"Written by\" \/>\n\t<meta name=\"twitter:data1\" content=\"bogensperk\" \/>\n\t<meta name=\"twitter:label2\" content=\"Est. reading time\" \/>\n\t<meta name=\"twitter:data2\" content=\"1 minute\" \/>\n<script type=\"application\/ld+json\" class=\"yoast-schema-graph\">{\"@context\":\"https:\\\/\\\/schema.org\",\"@graph\":[{\"@type\":\"Article\",\"@id\":\"https:\\\/\\\/bogensperk.si\\\/en\\\/razelektreno-with-siddharta\\\/#article\",\"isPartOf\":{\"@id\":\"https:\\\/\\\/bogensperk.si\\\/en\\\/razelektreno-with-siddharta\\\/\"},\"author\":{\"name\":\"bogensperk\",\"@id\":\"https:\\\/\\\/bogensperk.si\\\/en\\\/#\\\/schema\\\/person\\\/6c56a9fdb300d5333beb40c5c6fb5813\"},\"headline\":\"Siddharta razelektreno Concert Visitor Instructions\",\"datePublished\":\"2025-05-08T09:25:38+00:00\",\"dateModified\":\"2025-06-19T19:53:01+00:00\",\"mainEntityOfPage\":{\"@id\":\"https:\\\/\\\/bogensperk.si\\\/en\\\/razelektreno-with-siddharta\\\/\"},\"wordCount\":124,\"image\":{\"@id\":\"https:\\\/\\\/bogensperk.si\\\/en\\\/razelektreno-with-siddharta\\\/#primaryimage\"},\"thumbnailUrl\":\"https:\\\/\\\/bogensperk.si\\\/wp-content\\\/uploads\\\/2025\\\/02\\\/2024-SDDH-Photoshoot-Uros-Abram-mala1.jpg\",\"keywords\":[\"Bogen\u0161perk Festival\"],\"articleSection\":[\"Bogen\u0161perk Festival\"],\"inLanguage\":\"en-US\"},{\"@type\":\"WebPage\",\"@id\":\"https:\\\/\\\/bogensperk.si\\\/en\\\/razelektreno-with-siddharta\\\/\",\"url\":\"https:\\\/\\\/bogensperk.si\\\/en\\\/razelektreno-with-siddharta\\\/\",\"name\":\"Siddharta razelektreno Concert Visitor Instructions - Grad Bogen\u0161perk\",\"isPartOf\":{\"@id\":\"https:\\\/\\\/bogensperk.si\\\/en\\\/#website\"},\"primaryImageOfPage\":{\"@id\":\"https:\\\/\\\/bogensperk.si\\\/en\\\/razelektreno-with-siddharta\\\/#primaryimage\"},\"image\":{\"@id\":\"https:\\\/\\\/bogensperk.si\\\/en\\\/razelektreno-with-siddharta\\\/#primaryimage\"},\"thumbnailUrl\":\"https:\\\/\\\/bogensperk.si\\\/wp-content\\\/uploads\\\/2025\\\/02\\\/2024-SDDH-Photoshoot-Uros-Abram-mala1.jpg\",\"datePublished\":\"2025-05-08T09:25:38+00:00\",\"dateModified\":\"2025-06-19T19:53:01+00:00\",\"author\":{\"@id\":\"https:\\\/\\\/bogensperk.si\\\/en\\\/#\\\/schema\\\/person\\\/6c56a9fdb300d5333beb40c5c6fb5813\"},\"description\":\"Siddharta will conclude this year's Razelektreno tour with a final concert at the Bogen\u0161perk Festival. Photo.\",\"breadcrumb\":{\"@id\":\"https:\\\/\\\/bogensperk.si\\\/en\\\/razelektreno-with-siddharta\\\/#breadcrumb\"},\"inLanguage\":\"en-US\",\"potentialAction\":[{\"@type\":\"ReadAction\",\"target\":[\"https:\\\/\\\/bogensperk.si\\\/en\\\/razelektreno-with-siddharta\\\/\"]}]},{\"@type\":\"ImageObject\",\"inLanguage\":\"en-US\",\"@id\":\"https:\\\/\\\/bogensperk.si\\\/en\\\/razelektreno-with-siddharta\\\/#primaryimage\",\"url\":\"https:\\\/\\\/bogensperk.si\\\/wp-content\\\/uploads\\\/2025\\\/02\\\/2024-SDDH-Photoshoot-Uros-Abram-mala1.jpg\",\"contentUrl\":\"https:\\\/\\\/bogensperk.si\\\/wp-content\\\/uploads\\\/2025\\\/02\\\/2024-SDDH-Photoshoot-Uros-Abram-mala1.jpg\",\"width\":800,\"height\":532,\"caption\":\"Siddharta na Festivalu Bogen\u0161perk\"},{\"@type\":\"BreadcrumbList\",\"@id\":\"https:\\\/\\\/bogensperk.si\\\/en\\\/razelektreno-with-siddharta\\\/#breadcrumb\",\"itemListElement\":[{\"@type\":\"ListItem\",\"position\":1,\"name\":\"Home\",\"item\":\"https:\\\/\\\/bogensperk.si\\\/en\\\/\"},{\"@type\":\"ListItem\",\"position\":2,\"name\":\"Siddharta razelektreno Concert Visitor Instructions\"}]},{\"@type\":\"WebSite\",\"@id\":\"https:\\\/\\\/bogensperk.si\\\/en\\\/#website\",\"url\":\"https:\\\/\\\/bogensperk.si\\\/en\\\/\",\"name\":\"Grad Bogen\u0161perk\",\"description\":\"Renesan\u010dni grad Bogen\u0161perk, prostor mnogih kulturnih dogodkov.\",\"potentialAction\":[{\"@type\":\"SearchAction\",\"target\":{\"@type\":\"EntryPoint\",\"urlTemplate\":\"https:\\\/\\\/bogensperk.si\\\/en\\\/?s={search_term_string}\"},\"query-input\":{\"@type\":\"PropertyValueSpecification\",\"valueRequired\":true,\"valueName\":\"search_term_string\"}}],\"inLanguage\":\"en-US\"},{\"@type\":\"Person\",\"@id\":\"https:\\\/\\\/bogensperk.si\\\/en\\\/#\\\/schema\\\/person\\\/6c56a9fdb300d5333beb40c5c6fb5813\",\"name\":\"bogensperk\",\"image\":{\"@type\":\"ImageObject\",\"inLanguage\":\"en-US\",\"@id\":\"https:\\\/\\\/bogensperk.si\\\/wp-content\\\/litespeed\\\/avatar\\\/8004ba687b822552a0d62b6b8071ec71.jpg?ver=1777113468\",\"url\":\"https:\\\/\\\/bogensperk.si\\\/wp-content\\\/litespeed\\\/avatar\\\/8004ba687b822552a0d62b6b8071ec71.jpg?ver=1777113468\",\"contentUrl\":\"https:\\\/\\\/bogensperk.si\\\/wp-content\\\/litespeed\\\/avatar\\\/8004ba687b822552a0d62b6b8071ec71.jpg?ver=1777113468\",\"caption\":\"bogensperk\"},\"url\":\"https:\\\/\\\/bogensperk.si\\\/en\\\/author\\\/bogensperk\\\/\"}]}<\/script>\n<!-- \/ Yoast SEO plugin. -->","yoast_head_json":{"title":"Siddharta razelektreno Concert Visitor Instructions - Grad Bogen\u0161perk","description":"Siddharta will conclude this year's Razelektreno tour with a final concert at the Bogen\u0161perk Festival. Photo.","robots":{"index":"index","follow":"follow","max-snippet":"max-snippet:-1","max-image-preview":"max-image-preview:large","max-video-preview":"max-video-preview:-1"},"canonical":"https:\/\/bogensperk.si\/en\/razelektreno-with-siddharta\/","og_locale":"en_US","og_type":"article","og_title":"Siddharta razelektreno Concert Visitor Instructions - Grad Bogen\u0161perk","og_description":"Siddharta will conclude this year's Razelektreno tour with a final concert at the Bogen\u0161perk Festival. Photo.","og_url":"https:\/\/bogensperk.si\/en\/razelektreno-with-siddharta\/","og_site_name":"Grad Bogen\u0161perk","article_published_time":"2025-05-08T09:25:38+00:00","article_modified_time":"2025-06-19T19:53:01+00:00","og_image":[{"width":800,"height":532,"url":"https:\/\/bogensperk.si\/wp-content\/uploads\/2025\/02\/2024-SDDH-Photoshoot-Uros-Abram-mala1.jpg","type":"image\/jpeg"}],"author":"bogensperk","twitter_card":"summary_large_image","twitter_misc":{"Written by":"bogensperk","Est. reading time":"1 minute"},"schema":{"@context":"https:\/\/schema.org","@graph":[{"@type":"Article","@id":"https:\/\/bogensperk.si\/en\/razelektreno-with-siddharta\/#article","isPartOf":{"@id":"https:\/\/bogensperk.si\/en\/razelektreno-with-siddharta\/"},"author":{"name":"bogensperk","@id":"https:\/\/bogensperk.si\/en\/#\/schema\/person\/6c56a9fdb300d5333beb40c5c6fb5813"},"headline":"Siddharta razelektreno Concert Visitor Instructions","datePublished":"2025-05-08T09:25:38+00:00","dateModified":"2025-06-19T19:53:01+00:00","mainEntityOfPage":{"@id":"https:\/\/bogensperk.si\/en\/razelektreno-with-siddharta\/"},"wordCount":124,"image":{"@id":"https:\/\/bogensperk.si\/en\/razelektreno-with-siddharta\/#primaryimage"},"thumbnailUrl":"https:\/\/bogensperk.si\/wp-content\/uploads\/2025\/02\/2024-SDDH-Photoshoot-Uros-Abram-mala1.jpg","keywords":["Bogen\u0161perk Festival"],"articleSection":["Bogen\u0161perk Festival"],"inLanguage":"en-US"},{"@type":"WebPage","@id":"https:\/\/bogensperk.si\/en\/razelektreno-with-siddharta\/","url":"https:\/\/bogensperk.si\/en\/razelektreno-with-siddharta\/","name":"Siddharta razelektreno Concert Visitor Instructions - Grad Bogen\u0161perk","isPartOf":{"@id":"https:\/\/bogensperk.si\/en\/#website"},"primaryImageOfPage":{"@id":"https:\/\/bogensperk.si\/en\/razelektreno-with-siddharta\/#primaryimage"},"image":{"@id":"https:\/\/bogensperk.si\/en\/razelektreno-with-siddharta\/#primaryimage"},"thumbnailUrl":"https:\/\/bogensperk.si\/wp-content\/uploads\/2025\/02\/2024-SDDH-Photoshoot-Uros-Abram-mala1.jpg","datePublished":"2025-05-08T09:25:38+00:00","dateModified":"2025-06-19T19:53:01+00:00","author":{"@id":"https:\/\/bogensperk.si\/en\/#\/schema\/person\/6c56a9fdb300d5333beb40c5c6fb5813"},"description":"Siddharta will conclude this year's Razelektreno tour with a final concert at the Bogen\u0161perk Festival. Photo.","breadcrumb":{"@id":"https:\/\/bogensperk.si\/en\/razelektreno-with-siddharta\/#breadcrumb"},"inLanguage":"en-US","potentialAction":[{"@type":"ReadAction","target":["https:\/\/bogensperk.si\/en\/razelektreno-with-siddharta\/"]}]},{"@type":"ImageObject","inLanguage":"en-US","@id":"https:\/\/bogensperk.si\/en\/razelektreno-with-siddharta\/#primaryimage","url":"https:\/\/bogensperk.si\/wp-content\/uploads\/2025\/02\/2024-SDDH-Photoshoot-Uros-Abram-mala1.jpg","contentUrl":"https:\/\/bogensperk.si\/wp-content\/uploads\/2025\/02\/2024-SDDH-Photoshoot-Uros-Abram-mala1.jpg","width":800,"height":532,"caption":"Siddharta na Festivalu Bogen\u0161perk"},{"@type":"BreadcrumbList","@id":"https:\/\/bogensperk.si\/en\/razelektreno-with-siddharta\/#breadcrumb","itemListElement":[{"@type":"ListItem","position":1,"name":"Home","item":"https:\/\/bogensperk.si\/en\/"},{"@type":"ListItem","position":2,"name":"Siddharta razelektreno Concert Visitor Instructions"}]},{"@type":"WebSite","@id":"https:\/\/bogensperk.si\/en\/#website","url":"https:\/\/bogensperk.si\/en\/","name":"Grad Bogen\u0161perk","description":"Renesan\u010dni grad Bogen\u0161perk, prostor mnogih kulturnih dogodkov.","potentialAction":[{"@type":"SearchAction","target":{"@type":"EntryPoint","urlTemplate":"https:\/\/bogensperk.si\/en\/?s={search_term_string}"},"query-input":{"@type":"PropertyValueSpecification","valueRequired":true,"valueName":"search_term_string"}}],"inLanguage":"en-US"},{"@type":"Person","@id":"https:\/\/bogensperk.si\/en\/#\/schema\/person\/6c56a9fdb300d5333beb40c5c6fb5813","name":"bogensperk","image":{"@type":"ImageObject","inLanguage":"en-US","@id":"https:\/\/bogensperk.si\/wp-content\/litespeed\/avatar\/8004ba687b822552a0d62b6b8071ec71.jpg?ver=1777113468","url":"https:\/\/bogensperk.si\/wp-content\/litespeed\/avatar\/8004ba687b822552a0d62b6b8071ec71.jpg?ver=1777113468","contentUrl":"https:\/\/bogensperk.si\/wp-content\/litespeed\/avatar\/8004ba687b822552a0d62b6b8071ec71.jpg?ver=1777113468","caption":"bogensperk"},"url":"https:\/\/bogensperk.si\/en\/author\/bogensperk\/"}]}},"_links":{"self":[{"href":"https:\/\/bogensperk.si\/en\/wp-json\/wp\/v2\/posts\/4407046","targetHints":{"allow":["GET"]}}],"collection":[{"href":"https:\/\/bogensperk.si\/en\/wp-json\/wp\/v2\/posts"}],"about":[{"href":"https:\/\/bogensperk.si\/en\/wp-json\/wp\/v2\/types\/post"}],"author":[{"embeddable":true,"href":"https:\/\/bogensperk.si\/en\/wp-json\/wp\/v2\/users\/2"}],"replies":[{"embeddable":true,"href":"https:\/\/bogensperk.si\/en\/wp-json\/wp\/v2\/comments?post=4407046"}],"version-history":[{"count":1,"href":"https:\/\/bogensperk.si\/en\/wp-json\/wp\/v2\/posts\/4407046\/revisions"}],"predecessor-version":[{"id":4407865,"href":"https:\/\/bogensperk.si\/en\/wp-json\/wp\/v2\/posts\/4407046\/revisions\/4407865"}],"wp:featuredmedia":[{"embeddable":true,"href":"https:\/\/bogensperk.si\/en\/wp-json\/wp\/v2\/media\/4405973"}],"wp:attachment":[{"href":"https:\/\/bogensperk.si\/en\/wp-json\/wp\/v2\/media?parent=4407046"}],"wp:term":[{"taxonomy":"category","embeddable":true,"href":"https:\/\/bogensperk.si\/en\/wp-json\/wp\/v2\/categories?post=4407046"},{"taxonomy":"post_tag","embeddable":true,"href":"https:\/\/bogensperk.si\/en\/wp-json\/wp\/v2\/tags?post=4407046"}],"curies":[{"name":"wp","href":"https:\/\/api.w.org\/{rel}","templated":true}]}}