{"id":4407910,"date":"2025-07-01T14:28:38","date_gmt":"2025-07-01T12:28:38","guid":{"rendered":"https:\/\/bogensperk.si\/klangmeditation-mit-sandra-amon\/"},"modified":"2025-07-01T14:28:38","modified_gmt":"2025-07-01T12:28:38","slug":"klangmeditation-mit-sandra-amon","status":"publish","type":"post","link":"https:\/\/bogensperk.si\/de\/klangmeditation-mit-sandra-amon\/","title":{"rendered":"Klangmeditation mit Sandra Amon"},"content":{"rendered":"<div class=\"xdj266r x14z9mp xat24cr x1lziwak x1vvkbs\">Lassen Sie sich von den sanften Schwingungen des therapeutischen Gongs, der Koshi-Glocken, der tibetischen Klangschalen und anderer therapeutischer Instrumente in eine tiefe Entspannung f\u00fchren und von den Belastungen des Alltags ablenken. Nehmen Sie an einer Klangmeditation im mystischen und magischen Atrium der Burg Bogen\u0161perk inmitten der unber\u00fchrten Natur teil. Die erfahrene Therapeutin <strong>Sandra Amon<\/strong>, die in ihrer therapeutischen Arbeit Bewegung (Sport), Ber\u00fchrung (Massage) und Klangschwingungen einsetzt, um ein Gleichgewicht zu erreichen, wird Sie zu diesem einzigartigen Erlebnis f\u00fchren.  <\/div>\n<div>Dauer: 90 Minuten<br class=\"html-br\">Ort: Atrium der Burg Bogen\u0161perk<br class=\"html-br\">Anmeldegeb\u00fchr: 29 \u20ac<br class=\"html-br\">Anmeldung unter <a href=\"mailto:rezervacije@bogensperk.si\">rezervacije@bogensperk.si <\/a> <\/div>\n","protected":false},"excerpt":{"rendered":"<p>Lassen Sie sich von den sanften Schwingungen des therapeutischen Gongs, der Koshi-Glocken, der tibetischen Klangschalen und anderer therapeutischer Instrumente in eine tiefe Entspannung f\u00fchren und von den Belastungen des Alltags ablenken. Nehmen Sie an einer Klangmeditation im mystischen und magischen Atrium der Burg Bogen\u0161perk inmitten der unber\u00fchrten Natur teil. Die erfahrene Therapeutin Sandra Amon, die [&hellip;]<\/p>\n","protected":false},"author":2,"featured_media":4407906,"comment_status":"closed","ping_status":"closed","sticky":false,"template":"","format":"standard","meta":{"_et_pb_use_builder":"","_et_pb_old_content":"","_et_gb_content_width":"","inline_featured_image":false,"footnotes":""},"categories":[54],"tags":[],"class_list":["post-4407910","post","type-post","status-publish","format-standard","has-post-thumbnail","hentry","category-festival-bogensperk-de"],"yoast_head":"<!-- This site is optimized with the Yoast SEO plugin v27.4 - https:\/\/yoast.com\/product\/yoast-seo-wordpress\/ -->\n<title>Klangmeditation mit Sandra Amon - Grad Bogen\u0161perk<\/title>\n<meta name=\"description\" content=\"Lassen Sie sich von den sanften Schwingungen des therapeutischen Gongs, der Koshi-Glocken, der tibetischen Klangschalen und anderer therapeutischer Instrumente in eine tiefe Entspannung f\u00fchren und von den Belastungen des Alltags ablenken. Nehmen Sie an einer Klangmeditation im mystischen und magischen Atrium der Burg Bogen\u0161perk im Herzen der unber\u00fchrten Natur teil.\" \/>\n<meta name=\"robots\" content=\"index, follow, max-snippet:-1, max-image-preview:large, max-video-preview:-1\" \/>\n<link rel=\"canonical\" href=\"https:\/\/bogensperk.si\/de\/klangmeditation-mit-sandra-amon\/\" \/>\n<meta property=\"og:locale\" content=\"de_DE\" \/>\n<meta property=\"og:type\" content=\"article\" \/>\n<meta property=\"og:title\" content=\"Klangmeditation mit Sandra Amon - Grad Bogen\u0161perk\" \/>\n<meta property=\"og:description\" content=\"Lassen Sie sich von den sanften Schwingungen des therapeutischen Gongs, der Koshi-Glocken, der tibetischen Klangschalen und anderer therapeutischer Instrumente in eine tiefe Entspannung f\u00fchren und von den Belastungen des Alltags ablenken. Nehmen Sie an einer Klangmeditation im mystischen und magischen Atrium der Burg Bogen\u0161perk im Herzen der unber\u00fchrten Natur teil.\" \/>\n<meta property=\"og:url\" content=\"https:\/\/bogensperk.si\/de\/klangmeditation-mit-sandra-amon\/\" \/>\n<meta property=\"og:site_name\" content=\"Grad Bogen\u0161perk\" \/>\n<meta property=\"article:published_time\" content=\"2025-07-01T12:28:38+00:00\" \/>\n<meta property=\"og:image\" content=\"https:\/\/bogensperk.si\/wp-content\/uploads\/2025\/07\/Zvocna-meditacija-Sandra-Amon-4-1.jpg\" \/>\n\t<meta property=\"og:image:width\" content=\"250\" \/>\n\t<meta property=\"og:image:height\" content=\"161\" \/>\n\t<meta property=\"og:image:type\" content=\"image\/jpeg\" \/>\n<meta name=\"author\" content=\"bogensperk\" \/>\n<meta name=\"twitter:card\" content=\"summary_large_image\" \/>\n<meta name=\"twitter:label1\" content=\"Verfasst von\" \/>\n\t<meta name=\"twitter:data1\" content=\"bogensperk\" \/>\n<script type=\"application\/ld+json\" class=\"yoast-schema-graph\">{\"@context\":\"https:\\\/\\\/schema.org\",\"@graph\":[{\"@type\":\"Article\",\"@id\":\"https:\\\/\\\/bogensperk.si\\\/de\\\/klangmeditation-mit-sandra-amon\\\/#article\",\"isPartOf\":{\"@id\":\"https:\\\/\\\/bogensperk.si\\\/de\\\/klangmeditation-mit-sandra-amon\\\/\"},\"author\":{\"name\":\"bogensperk\",\"@id\":\"https:\\\/\\\/bogensperk.si\\\/de\\\/#\\\/schema\\\/person\\\/6c56a9fdb300d5333beb40c5c6fb5813\"},\"headline\":\"Klangmeditation mit Sandra Amon\",\"datePublished\":\"2025-07-01T12:28:38+00:00\",\"mainEntityOfPage\":{\"@id\":\"https:\\\/\\\/bogensperk.si\\\/de\\\/klangmeditation-mit-sandra-amon\\\/\"},\"wordCount\":100,\"image\":{\"@id\":\"https:\\\/\\\/bogensperk.si\\\/de\\\/klangmeditation-mit-sandra-amon\\\/#primaryimage\"},\"thumbnailUrl\":\"https:\\\/\\\/bogensperk.si\\\/wp-content\\\/uploads\\\/2025\\\/07\\\/Zvocna-meditacija-Sandra-Amon-4-1.jpg\",\"articleSection\":[\"Festival Bogen\u0161perk\"],\"inLanguage\":\"de\"},{\"@type\":\"WebPage\",\"@id\":\"https:\\\/\\\/bogensperk.si\\\/de\\\/klangmeditation-mit-sandra-amon\\\/\",\"url\":\"https:\\\/\\\/bogensperk.si\\\/de\\\/klangmeditation-mit-sandra-amon\\\/\",\"name\":\"Klangmeditation mit Sandra Amon - Grad Bogen\u0161perk\",\"isPartOf\":{\"@id\":\"https:\\\/\\\/bogensperk.si\\\/de\\\/#website\"},\"primaryImageOfPage\":{\"@id\":\"https:\\\/\\\/bogensperk.si\\\/de\\\/klangmeditation-mit-sandra-amon\\\/#primaryimage\"},\"image\":{\"@id\":\"https:\\\/\\\/bogensperk.si\\\/de\\\/klangmeditation-mit-sandra-amon\\\/#primaryimage\"},\"thumbnailUrl\":\"https:\\\/\\\/bogensperk.si\\\/wp-content\\\/uploads\\\/2025\\\/07\\\/Zvocna-meditacija-Sandra-Amon-4-1.jpg\",\"datePublished\":\"2025-07-01T12:28:38+00:00\",\"author\":{\"@id\":\"https:\\\/\\\/bogensperk.si\\\/de\\\/#\\\/schema\\\/person\\\/6c56a9fdb300d5333beb40c5c6fb5813\"},\"description\":\"Lassen Sie sich von den sanften Schwingungen des therapeutischen Gongs, der Koshi-Glocken, der tibetischen Klangschalen und anderer therapeutischer Instrumente in eine tiefe Entspannung f\u00fchren und von den Belastungen des Alltags ablenken. Nehmen Sie an einer Klangmeditation im mystischen und magischen Atrium der Burg Bogen\u0161perk im Herzen der unber\u00fchrten Natur teil.\",\"breadcrumb\":{\"@id\":\"https:\\\/\\\/bogensperk.si\\\/de\\\/klangmeditation-mit-sandra-amon\\\/#breadcrumb\"},\"inLanguage\":\"de\",\"potentialAction\":[{\"@type\":\"ReadAction\",\"target\":[\"https:\\\/\\\/bogensperk.si\\\/de\\\/klangmeditation-mit-sandra-amon\\\/\"]}]},{\"@type\":\"ImageObject\",\"inLanguage\":\"de\",\"@id\":\"https:\\\/\\\/bogensperk.si\\\/de\\\/klangmeditation-mit-sandra-amon\\\/#primaryimage\",\"url\":\"https:\\\/\\\/bogensperk.si\\\/wp-content\\\/uploads\\\/2025\\\/07\\\/Zvocna-meditacija-Sandra-Amon-4-1.jpg\",\"contentUrl\":\"https:\\\/\\\/bogensperk.si\\\/wp-content\\\/uploads\\\/2025\\\/07\\\/Zvocna-meditacija-Sandra-Amon-4-1.jpg\",\"width\":250,\"height\":161},{\"@type\":\"BreadcrumbList\",\"@id\":\"https:\\\/\\\/bogensperk.si\\\/de\\\/klangmeditation-mit-sandra-amon\\\/#breadcrumb\",\"itemListElement\":[{\"@type\":\"ListItem\",\"position\":1,\"name\":\"Home\",\"item\":\"https:\\\/\\\/bogensperk.si\\\/de\\\/\"},{\"@type\":\"ListItem\",\"position\":2,\"name\":\"Klangmeditation mit Sandra Amon\"}]},{\"@type\":\"WebSite\",\"@id\":\"https:\\\/\\\/bogensperk.si\\\/de\\\/#website\",\"url\":\"https:\\\/\\\/bogensperk.si\\\/de\\\/\",\"name\":\"Grad Bogen\u0161perk\",\"description\":\"Renesan\u010dni grad Bogen\u0161perk, prostor mnogih kulturnih dogodkov.\",\"potentialAction\":[{\"@type\":\"SearchAction\",\"target\":{\"@type\":\"EntryPoint\",\"urlTemplate\":\"https:\\\/\\\/bogensperk.si\\\/de\\\/?s={search_term_string}\"},\"query-input\":{\"@type\":\"PropertyValueSpecification\",\"valueRequired\":true,\"valueName\":\"search_term_string\"}}],\"inLanguage\":\"de\"},{\"@type\":\"Person\",\"@id\":\"https:\\\/\\\/bogensperk.si\\\/de\\\/#\\\/schema\\\/person\\\/6c56a9fdb300d5333beb40c5c6fb5813\",\"name\":\"bogensperk\",\"image\":{\"@type\":\"ImageObject\",\"inLanguage\":\"de\",\"@id\":\"https:\\\/\\\/bogensperk.si\\\/wp-content\\\/litespeed\\\/avatar\\\/8004ba687b822552a0d62b6b8071ec71.jpg?ver=1777113468\",\"url\":\"https:\\\/\\\/bogensperk.si\\\/wp-content\\\/litespeed\\\/avatar\\\/8004ba687b822552a0d62b6b8071ec71.jpg?ver=1777113468\",\"contentUrl\":\"https:\\\/\\\/bogensperk.si\\\/wp-content\\\/litespeed\\\/avatar\\\/8004ba687b822552a0d62b6b8071ec71.jpg?ver=1777113468\",\"caption\":\"bogensperk\"},\"url\":\"https:\\\/\\\/bogensperk.si\\\/de\\\/author\\\/bogensperk\\\/\"}]}<\/script>\n<!-- \/ Yoast SEO plugin. -->","yoast_head_json":{"title":"Klangmeditation mit Sandra Amon - Grad Bogen\u0161perk","description":"Lassen Sie sich von den sanften Schwingungen des therapeutischen Gongs, der Koshi-Glocken, der tibetischen Klangschalen und anderer therapeutischer Instrumente in eine tiefe Entspannung f\u00fchren und von den Belastungen des Alltags ablenken. Nehmen Sie an einer Klangmeditation im mystischen und magischen Atrium der Burg Bogen\u0161perk im Herzen der unber\u00fchrten Natur teil.","robots":{"index":"index","follow":"follow","max-snippet":"max-snippet:-1","max-image-preview":"max-image-preview:large","max-video-preview":"max-video-preview:-1"},"canonical":"https:\/\/bogensperk.si\/de\/klangmeditation-mit-sandra-amon\/","og_locale":"de_DE","og_type":"article","og_title":"Klangmeditation mit Sandra Amon - Grad Bogen\u0161perk","og_description":"Lassen Sie sich von den sanften Schwingungen des therapeutischen Gongs, der Koshi-Glocken, der tibetischen Klangschalen und anderer therapeutischer Instrumente in eine tiefe Entspannung f\u00fchren und von den Belastungen des Alltags ablenken. Nehmen Sie an einer Klangmeditation im mystischen und magischen Atrium der Burg Bogen\u0161perk im Herzen der unber\u00fchrten Natur teil.","og_url":"https:\/\/bogensperk.si\/de\/klangmeditation-mit-sandra-amon\/","og_site_name":"Grad Bogen\u0161perk","article_published_time":"2025-07-01T12:28:38+00:00","og_image":[{"width":250,"height":161,"url":"https:\/\/bogensperk.si\/wp-content\/uploads\/2025\/07\/Zvocna-meditacija-Sandra-Amon-4-1.jpg","type":"image\/jpeg"}],"author":"bogensperk","twitter_card":"summary_large_image","twitter_misc":{"Verfasst von":"bogensperk"},"schema":{"@context":"https:\/\/schema.org","@graph":[{"@type":"Article","@id":"https:\/\/bogensperk.si\/de\/klangmeditation-mit-sandra-amon\/#article","isPartOf":{"@id":"https:\/\/bogensperk.si\/de\/klangmeditation-mit-sandra-amon\/"},"author":{"name":"bogensperk","@id":"https:\/\/bogensperk.si\/de\/#\/schema\/person\/6c56a9fdb300d5333beb40c5c6fb5813"},"headline":"Klangmeditation mit Sandra Amon","datePublished":"2025-07-01T12:28:38+00:00","mainEntityOfPage":{"@id":"https:\/\/bogensperk.si\/de\/klangmeditation-mit-sandra-amon\/"},"wordCount":100,"image":{"@id":"https:\/\/bogensperk.si\/de\/klangmeditation-mit-sandra-amon\/#primaryimage"},"thumbnailUrl":"https:\/\/bogensperk.si\/wp-content\/uploads\/2025\/07\/Zvocna-meditacija-Sandra-Amon-4-1.jpg","articleSection":["Festival Bogen\u0161perk"],"inLanguage":"de"},{"@type":"WebPage","@id":"https:\/\/bogensperk.si\/de\/klangmeditation-mit-sandra-amon\/","url":"https:\/\/bogensperk.si\/de\/klangmeditation-mit-sandra-amon\/","name":"Klangmeditation mit Sandra Amon - Grad Bogen\u0161perk","isPartOf":{"@id":"https:\/\/bogensperk.si\/de\/#website"},"primaryImageOfPage":{"@id":"https:\/\/bogensperk.si\/de\/klangmeditation-mit-sandra-amon\/#primaryimage"},"image":{"@id":"https:\/\/bogensperk.si\/de\/klangmeditation-mit-sandra-amon\/#primaryimage"},"thumbnailUrl":"https:\/\/bogensperk.si\/wp-content\/uploads\/2025\/07\/Zvocna-meditacija-Sandra-Amon-4-1.jpg","datePublished":"2025-07-01T12:28:38+00:00","author":{"@id":"https:\/\/bogensperk.si\/de\/#\/schema\/person\/6c56a9fdb300d5333beb40c5c6fb5813"},"description":"Lassen Sie sich von den sanften Schwingungen des therapeutischen Gongs, der Koshi-Glocken, der tibetischen Klangschalen und anderer therapeutischer Instrumente in eine tiefe Entspannung f\u00fchren und von den Belastungen des Alltags ablenken. Nehmen Sie an einer Klangmeditation im mystischen und magischen Atrium der Burg Bogen\u0161perk im Herzen der unber\u00fchrten Natur teil.","breadcrumb":{"@id":"https:\/\/bogensperk.si\/de\/klangmeditation-mit-sandra-amon\/#breadcrumb"},"inLanguage":"de","potentialAction":[{"@type":"ReadAction","target":["https:\/\/bogensperk.si\/de\/klangmeditation-mit-sandra-amon\/"]}]},{"@type":"ImageObject","inLanguage":"de","@id":"https:\/\/bogensperk.si\/de\/klangmeditation-mit-sandra-amon\/#primaryimage","url":"https:\/\/bogensperk.si\/wp-content\/uploads\/2025\/07\/Zvocna-meditacija-Sandra-Amon-4-1.jpg","contentUrl":"https:\/\/bogensperk.si\/wp-content\/uploads\/2025\/07\/Zvocna-meditacija-Sandra-Amon-4-1.jpg","width":250,"height":161},{"@type":"BreadcrumbList","@id":"https:\/\/bogensperk.si\/de\/klangmeditation-mit-sandra-amon\/#breadcrumb","itemListElement":[{"@type":"ListItem","position":1,"name":"Home","item":"https:\/\/bogensperk.si\/de\/"},{"@type":"ListItem","position":2,"name":"Klangmeditation mit Sandra Amon"}]},{"@type":"WebSite","@id":"https:\/\/bogensperk.si\/de\/#website","url":"https:\/\/bogensperk.si\/de\/","name":"Grad Bogen\u0161perk","description":"Renesan\u010dni grad Bogen\u0161perk, prostor mnogih kulturnih dogodkov.","potentialAction":[{"@type":"SearchAction","target":{"@type":"EntryPoint","urlTemplate":"https:\/\/bogensperk.si\/de\/?s={search_term_string}"},"query-input":{"@type":"PropertyValueSpecification","valueRequired":true,"valueName":"search_term_string"}}],"inLanguage":"de"},{"@type":"Person","@id":"https:\/\/bogensperk.si\/de\/#\/schema\/person\/6c56a9fdb300d5333beb40c5c6fb5813","name":"bogensperk","image":{"@type":"ImageObject","inLanguage":"de","@id":"https:\/\/bogensperk.si\/wp-content\/litespeed\/avatar\/8004ba687b822552a0d62b6b8071ec71.jpg?ver=1777113468","url":"https:\/\/bogensperk.si\/wp-content\/litespeed\/avatar\/8004ba687b822552a0d62b6b8071ec71.jpg?ver=1777113468","contentUrl":"https:\/\/bogensperk.si\/wp-content\/litespeed\/avatar\/8004ba687b822552a0d62b6b8071ec71.jpg?ver=1777113468","caption":"bogensperk"},"url":"https:\/\/bogensperk.si\/de\/author\/bogensperk\/"}]}},"_links":{"self":[{"href":"https:\/\/bogensperk.si\/de\/wp-json\/wp\/v2\/posts\/4407910","targetHints":{"allow":["GET"]}}],"collection":[{"href":"https:\/\/bogensperk.si\/de\/wp-json\/wp\/v2\/posts"}],"about":[{"href":"https:\/\/bogensperk.si\/de\/wp-json\/wp\/v2\/types\/post"}],"author":[{"embeddable":true,"href":"https:\/\/bogensperk.si\/de\/wp-json\/wp\/v2\/users\/2"}],"replies":[{"embeddable":true,"href":"https:\/\/bogensperk.si\/de\/wp-json\/wp\/v2\/comments?post=4407910"}],"version-history":[{"count":0,"href":"https:\/\/bogensperk.si\/de\/wp-json\/wp\/v2\/posts\/4407910\/revisions"}],"wp:featuredmedia":[{"embeddable":true,"href":"https:\/\/bogensperk.si\/de\/wp-json\/wp\/v2\/media\/4407906"}],"wp:attachment":[{"href":"https:\/\/bogensperk.si\/de\/wp-json\/wp\/v2\/media?parent=4407910"}],"wp:term":[{"taxonomy":"category","embeddable":true,"href":"https:\/\/bogensperk.si\/de\/wp-json\/wp\/v2\/categories?post=4407910"},{"taxonomy":"post_tag","embeddable":true,"href":"https:\/\/bogensperk.si\/de\/wp-json\/wp\/v2\/tags?post=4407910"}],"curies":[{"name":"wp","href":"https:\/\/api.w.org\/{rel}","templated":true}]}}